{"id":96,"date":"2019-11-12T19:11:07","date_gmt":"2019-11-12T19:11:07","guid":{"rendered":"http:\/\/www.eplefpa18.fr\/WebRadio\/?p=96"},"modified":"2020-10-07T15:38:56","modified_gmt":"2020-10-07T15:38:56","slug":"la-colombie-au-subdray","status":"publish","type":"post","link":"https:\/\/www.eplefpa18.fr\/WebRadio\/la-colombie-au-subdray\/","title":{"rendered":"La Colombie au Subdray"},"content":{"rendered":"<p><iframe src=\"https:\/\/w.soundcloud.com\/player\/?url=https%3A\/\/api.soundcloud.com\/tracks\/711660436&amp;color=%23ff5500&amp;auto_play=false&amp;hide_related=false&amp;show_comments=true&amp;show_user=true&amp;show_reposts=false&amp;show_teaser=true&amp;visual=true\" width=\"100%\" height=\"300\" frameborder=\"no\" scrolling=\"no\"><\/iframe><br \/>\nFin septembre au lyc\u00e9e du Subdray nous accuiellions deux \u00e9tudiantes colombiennes pour un voyage d&rsquo;\u00e9tude. L&rsquo;occasion pour elle de d\u00e9couvrir la France et pour nous de partir \u00e0 la rencontre d&rsquo;une autre culture.<\/p>\n<div id='gallery-1' class='gallery galleryid-96 gallery-columns-5 gallery-size-thumbnail'><figure class='gallery-item'>\n\t\t\t<div class='gallery-icon portrait'>\n\t\t\t\t<a href='https:\/\/www.eplefpa18.fr\/WebRadio\/wp-content\/uploads\/2019\/11\/5b20ef4a-cd36-4643-80c8-03c0897dfbd7.jpg'><img width=\"150\" height=\"150\" src=\"https:\/\/www.eplefpa18.fr\/WebRadio\/wp-content\/uploads\/2019\/11\/5b20ef4a-cd36-4643-80c8-03c0897dfbd7-150x150.jpg\" class=\"attachment-thumbnail size-thumbnail\" alt=\"\" loading=\"lazy\" srcset=\"https:\/\/www.eplefpa18.fr\/WebRadio\/wp-content\/uploads\/2019\/11\/5b20ef4a-cd36-4643-80c8-03c0897dfbd7-150x150.jpg 150w, https:\/\/www.eplefpa18.fr\/WebRadio\/wp-content\/uploads\/2019\/11\/5b20ef4a-cd36-4643-80c8-03c0897dfbd7-100x100.jpg 100w\" sizes=\"100vw\" \/><\/a>\n\t\t\t<\/div><\/figure><figure class='gallery-item'>\n\t\t\t<div class='gallery-icon portrait'>\n\t\t\t\t<a href='https:\/\/www.eplefpa18.fr\/WebRadio\/wp-content\/uploads\/2019\/11\/53ab2376-5cb8-4596-98a7-6d870d006a0a.jpg'><img width=\"150\" height=\"150\" src=\"https:\/\/www.eplefpa18.fr\/WebRadio\/wp-content\/uploads\/2019\/11\/53ab2376-5cb8-4596-98a7-6d870d006a0a-150x150.jpg\" class=\"attachment-thumbnail size-thumbnail\" alt=\"\" loading=\"lazy\" srcset=\"https:\/\/www.eplefpa18.fr\/WebRadio\/wp-content\/uploads\/2019\/11\/53ab2376-5cb8-4596-98a7-6d870d006a0a-150x150.jpg 150w, https:\/\/www.eplefpa18.fr\/WebRadio\/wp-content\/uploads\/2019\/11\/53ab2376-5cb8-4596-98a7-6d870d006a0a-100x100.jpg 100w\" sizes=\"100vw\" \/><\/a>\n\t\t\t<\/div><\/figure><figure class='gallery-item'>\n\t\t\t<div class='gallery-icon landscape'>\n\t\t\t\t<a href='https:\/\/www.eplefpa18.fr\/WebRadio\/wp-content\/uploads\/2019\/11\/IMG_5234.jpg'><img width=\"150\" height=\"150\" src=\"https:\/\/www.eplefpa18.fr\/WebRadio\/wp-content\/uploads\/2019\/11\/IMG_5234-150x150.jpg\" class=\"attachment-thumbnail size-thumbnail\" alt=\"\" loading=\"lazy\" srcset=\"https:\/\/www.eplefpa18.fr\/WebRadio\/wp-content\/uploads\/2019\/11\/IMG_5234-150x150.jpg 150w, https:\/\/www.eplefpa18.fr\/WebRadio\/wp-content\/uploads\/2019\/11\/IMG_5234-100x100.jpg 100w\" sizes=\"100vw\" \/><\/a>\n\t\t\t<\/div><\/figure><figure class='gallery-item'>\n\t\t\t<div class='gallery-icon landscape'>\n\t\t\t\t<a href='https:\/\/www.eplefpa18.fr\/WebRadio\/wp-content\/uploads\/2019\/11\/IMG_5266.jpg'><img width=\"150\" height=\"150\" src=\"https:\/\/www.eplefpa18.fr\/WebRadio\/wp-content\/uploads\/2019\/11\/IMG_5266-150x150.jpg\" class=\"attachment-thumbnail size-thumbnail\" alt=\"\" loading=\"lazy\" srcset=\"https:\/\/www.eplefpa18.fr\/WebRadio\/wp-content\/uploads\/2019\/11\/IMG_5266-150x150.jpg 150w, https:\/\/www.eplefpa18.fr\/WebRadio\/wp-content\/uploads\/2019\/11\/IMG_5266-100x100.jpg 100w\" sizes=\"100vw\" \/><\/a>\n\t\t\t<\/div><\/figure><figure class='gallery-item'>\n\t\t\t<div class='gallery-icon landscape'>\n\t\t\t\t<a href='https:\/\/www.eplefpa18.fr\/WebRadio\/wp-content\/uploads\/2019\/11\/IMG_5352-e1573586763486.jpg'><img width=\"150\" height=\"150\" src=\"https:\/\/www.eplefpa18.fr\/WebRadio\/wp-content\/uploads\/2019\/11\/IMG_5352-e1573586763486-150x150.jpg\" class=\"attachment-thumbnail size-thumbnail\" alt=\"Galerie de La Colombie au Subdray\" loading=\"lazy\" srcset=\"https:\/\/www.eplefpa18.fr\/WebRadio\/wp-content\/uploads\/2019\/11\/IMG_5352-e1573586763486-150x150.jpg 150w, https:\/\/www.eplefpa18.fr\/WebRadio\/wp-content\/uploads\/2019\/11\/IMG_5352-e1573586763486-100x100.jpg 100w\" sizes=\"100vw\" \/><\/a>\n\t\t\t<\/div><\/figure><figure class='gallery-item'>\n\t\t\t<div class='gallery-icon portrait'>\n\t\t\t\t<a href='https:\/\/www.eplefpa18.fr\/WebRadio\/wp-content\/uploads\/2019\/11\/IMG_5381-e1573586754749.jpg'><img width=\"150\" height=\"150\" src=\"https:\/\/www.eplefpa18.fr\/WebRadio\/wp-content\/uploads\/2019\/11\/IMG_5381-e1573586754749-150x150.jpg\" class=\"attachment-thumbnail size-thumbnail\" alt=\"\" loading=\"lazy\" srcset=\"https:\/\/www.eplefpa18.fr\/WebRadio\/wp-content\/uploads\/2019\/11\/IMG_5381-e1573586754749-150x150.jpg 150w, https:\/\/www.eplefpa18.fr\/WebRadio\/wp-content\/uploads\/2019\/11\/IMG_5381-e1573586754749-100x100.jpg 100w\" sizes=\"100vw\" \/><\/a>\n\t\t\t<\/div><\/figure><figure class='gallery-item'>\n\t\t\t<div class='gallery-icon portrait'>\n\t\t\t\t<a href='https:\/\/www.eplefpa18.fr\/WebRadio\/wp-content\/uploads\/2019\/11\/IMG_5382-e1573586746564.jpg'><img width=\"150\" height=\"150\" src=\"https:\/\/www.eplefpa18.fr\/WebRadio\/wp-content\/uploads\/2019\/11\/IMG_5382-e1573586746564-150x150.jpg\" class=\"attachment-thumbnail size-thumbnail\" alt=\"\" loading=\"lazy\" srcset=\"https:\/\/www.eplefpa18.fr\/WebRadio\/wp-content\/uploads\/2019\/11\/IMG_5382-e1573586746564-150x150.jpg 150w, https:\/\/www.eplefpa18.fr\/WebRadio\/wp-content\/uploads\/2019\/11\/IMG_5382-e1573586746564-100x100.jpg 100w\" sizes=\"100vw\" \/><\/a>\n\t\t\t<\/div><\/figure><figure class='gallery-item'>\n\t\t\t<div class='gallery-icon landscape'>\n\t\t\t\t<a href='https:\/\/www.eplefpa18.fr\/WebRadio\/wp-content\/uploads\/2019\/11\/IMG_5416.jpg'><img width=\"150\" height=\"150\" src=\"https:\/\/www.eplefpa18.fr\/WebRadio\/wp-content\/uploads\/2019\/11\/IMG_5416-150x150.jpg\" class=\"attachment-thumbnail size-thumbnail\" alt=\"\" loading=\"lazy\" srcset=\"https:\/\/www.eplefpa18.fr\/WebRadio\/wp-content\/uploads\/2019\/11\/IMG_5416-150x150.jpg 150w, https:\/\/www.eplefpa18.fr\/WebRadio\/wp-content\/uploads\/2019\/11\/IMG_5416-100x100.jpg 100w\" sizes=\"100vw\" \/><\/a>\n\t\t\t<\/div><\/figure><figure class='gallery-item'>\n\t\t\t<div class='gallery-icon portrait'>\n\t\t\t\t<a href='https:\/\/www.eplefpa18.fr\/WebRadio\/wp-content\/uploads\/2019\/11\/IMG_5429-e1573586729145.jpg'><img width=\"150\" height=\"150\" src=\"https:\/\/www.eplefpa18.fr\/WebRadio\/wp-content\/uploads\/2019\/11\/IMG_5429-e1573586729145-150x150.jpg\" class=\"attachment-thumbnail size-thumbnail\" alt=\"\" loading=\"lazy\" srcset=\"https:\/\/www.eplefpa18.fr\/WebRadio\/wp-content\/uploads\/2019\/11\/IMG_5429-e1573586729145-150x150.jpg 150w, https:\/\/www.eplefpa18.fr\/WebRadio\/wp-content\/uploads\/2019\/11\/IMG_5429-e1573586729145-100x100.jpg 100w\" sizes=\"100vw\" \/><\/a>\n\t\t\t<\/div><\/figure><figure class='gallery-item'>\n\t\t\t<div class='gallery-icon portrait'>\n\t\t\t\t<a href='https:\/\/www.eplefpa18.fr\/WebRadio\/wp-content\/uploads\/2019\/11\/IMG_5672-e1573586737353.jpg'><img width=\"150\" height=\"150\" src=\"https:\/\/www.eplefpa18.fr\/WebRadio\/wp-content\/uploads\/2019\/11\/IMG_5672-e1573586737353-150x150.jpg\" class=\"attachment-thumbnail size-thumbnail\" alt=\"\" loading=\"lazy\" srcset=\"https:\/\/www.eplefpa18.fr\/WebRadio\/wp-content\/uploads\/2019\/11\/IMG_5672-e1573586737353-150x150.jpg 150w, https:\/\/www.eplefpa18.fr\/WebRadio\/wp-content\/uploads\/2019\/11\/IMG_5672-e1573586737353-100x100.jpg 100w\" sizes=\"100vw\" \/><\/a>\n\t\t\t<\/div><\/figure>\n\t\t<\/div>\n\n","protected":false},"excerpt":{"rendered":"<p>Fin septembre au lyc\u00e9e du Subdray nous accuiellions deux \u00e9tudiantes colombiennes pour un voyage d&rsquo;\u00e9tude. L&rsquo;occasion pour elle de d\u00e9couvrir la France et pour nous de partir \u00e0 la rencontre d&rsquo;une autre culture.<\/p>\n","protected":false},"author":1,"featured_media":0,"comment_status":"closed","ping_status":"closed","sticky":false,"template":"","format":"standard","meta":[],"categories":[13],"tags":[],"_links":{"self":[{"href":"https:\/\/www.eplefpa18.fr\/WebRadio\/wp-json\/wp\/v2\/posts\/96"}],"collection":[{"href":"https:\/\/www.eplefpa18.fr\/WebRadio\/wp-json\/wp\/v2\/posts"}],"about":[{"href":"https:\/\/www.eplefpa18.fr\/WebRadio\/wp-json\/wp\/v2\/types\/post"}],"author":[{"embeddable":true,"href":"https:\/\/www.eplefpa18.fr\/WebRadio\/wp-json\/wp\/v2\/users\/1"}],"replies":[{"embeddable":true,"href":"https:\/\/www.eplefpa18.fr\/WebRadio\/wp-json\/wp\/v2\/comments?post=96"}],"version-history":[{"count":6,"href":"https:\/\/www.eplefpa18.fr\/WebRadio\/wp-json\/wp\/v2\/posts\/96\/revisions"}],"predecessor-version":[{"id":114,"href":"https:\/\/www.eplefpa18.fr\/WebRadio\/wp-json\/wp\/v2\/posts\/96\/revisions\/114"}],"wp:attachment":[{"href":"https:\/\/www.eplefpa18.fr\/WebRadio\/wp-json\/wp\/v2\/media?parent=96"}],"wp:term":[{"taxonomy":"category","embeddable":true,"href":"https:\/\/www.eplefpa18.fr\/WebRadio\/wp-json\/wp\/v2\/categories?post=96"},{"taxonomy":"post_tag","embeddable":true,"href":"https:\/\/www.eplefpa18.fr\/WebRadio\/wp-json\/wp\/v2\/tags?post=96"}],"curies":[{"name":"wp","href":"https:\/\/api.w.org\/{rel}","templated":true}]}}